{"id":227,"date":"2024-01-30T19:49:32","date_gmt":"2024-01-30T19:49:32","guid":{"rendered":"https:\/\/parkinsonvoixetdeglutition.ca\/?p=227"},"modified":"2024-07-11T00:25:17","modified_gmt":"2024-07-11T00:25:17","slug":"un-logo-pour-nos-projets-parkinson-voix-et-deglutition","status":"publish","type":"post","link":"https:\/\/parkinsonvoixetdeglutition.ca\/?p=227","title":{"rendered":"Un logo pour nos projets Parkinson voix et d\u00e9glutition!"},"content":{"rendered":"<div class=\"wp-block-image is-style-default\">\n<figure class=\"aligncenter size-full is-resized\"><img loading=\"lazy\" decoding=\"async\" width=\"1024\" height=\"712\" src=\"https:\/\/parkinsonvoixetdeglutition.ca\/wp-content\/uploads\/2024\/01\/Parkinson_Voix_et_Deglutition_logo.png\" alt=\"\" class=\"wp-image-228\" style=\"width:531px;height:auto\" srcset=\"https:\/\/parkinsonvoixetdeglutition.ca\/wp-content\/uploads\/2024\/01\/Parkinson_Voix_et_Deglutition_logo.png 1024w, https:\/\/parkinsonvoixetdeglutition.ca\/wp-content\/uploads\/2024\/01\/Parkinson_Voix_et_Deglutition_logo-300x209.png 300w, https:\/\/parkinsonvoixetdeglutition.ca\/wp-content\/uploads\/2024\/01\/Parkinson_Voix_et_Deglutition_logo-768x534.png 768w\" sizes=\"auto, (max-width: 1024px) 100vw, 1024px\" \/><\/figure>\n<\/div>\n\n\n<p> Au LaboIV on est un peu en amour avec les logos &#8211; ces petites images qui donnent une identit\u00e9 visuelle \u00e0 nos projets et qui nous aident \u00e0 nous y retrouver. <a href=\"https:\/\/aktouf.ca\" target=\"_blank\" rel=\"noreferrer noopener\">Kari<\/a><a href=\"https:\/\/aktouf.ca\">m Aktouf,<\/a> notre \u00a0agent cr\u00e9atif au labo vient de nous proposer un logo qu&#8217;on a tout de suite adopt\u00e9! On esp\u00e8re que vous l&#8217;appr\u00e9cierez aussi! Peut-\u00eatre sera-t-il amen\u00e9 \u00e0 changer au fil du temps, avec l&#8217;input de nos partenaires et collaborateur.ices, mais pour le moment on l&#8217;aime\u00a0et le garde!<\/p>\n","protected":false},"excerpt":{"rendered":"<p>Au LaboIV on est un peu en amour avec les logos &#8211; ces petites images qui donnent une identit\u00e9 visuelle \u00e0 nos projets et qui nous aident \u00e0 nous y retrouver. Karim Aktouf, notre \u00a0agent cr\u00e9atif au labo vient de nous proposer un logo qu&#8217;on a tout de suite adopt\u00e9! On esp\u00e8re que vous l&#8217;appr\u00e9cierez&hellip;&nbsp;<a href=\"https:\/\/parkinsonvoixetdeglutition.ca\/?p=227\" rel=\"bookmark\">Read More &raquo;<span class=\"screen-reader-text\">Un logo pour nos projets Parkinson voix et d\u00e9glutition!<\/span><\/a><\/p>\n","protected":false},"author":2,"featured_media":228,"comment_status":"closed","ping_status":"open","sticky":false,"template":"","format":"standard","meta":{"_eb_attr":"","neve_meta_sidebar":"","neve_meta_container":"","neve_meta_enable_content_width":"","neve_meta_content_width":0,"neve_meta_title_alignment":"","neve_meta_author_avatar":"","neve_post_elements_order":"","neve_meta_disable_header":"","neve_meta_disable_footer":"","neve_meta_disable_title":"","footnotes":""},"categories":[1],"tags":[],"class_list":["post-227","post","type-post","status-publish","format-standard","has-post-thumbnail","hentry","category-blog"],"yoast_head":"<!-- This site is optimized with the Yoast SEO plugin v27.5 - https:\/\/yoast.com\/product\/yoast-seo-wordpress\/ -->\n<title>Un logo pour nos projets Parkinson voix et d\u00e9glutition! - Parkinson Voix et D\u00e9glutition<\/title>\n<meta name=\"robots\" content=\"index, follow, max-snippet:-1, max-image-preview:large, max-video-preview:-1\" \/>\n<link rel=\"canonical\" href=\"https:\/\/parkinsonvoixetdeglutition.ca\/?p=227\" \/>\n<meta property=\"og:locale\" content=\"en_US\" \/>\n<meta property=\"og:type\" content=\"article\" \/>\n<meta property=\"og:title\" content=\"Un logo pour nos projets Parkinson voix et d\u00e9glutition! - Parkinson Voix et D\u00e9glutition\" \/>\n<meta property=\"og:description\" content=\"Au LaboIV on est un peu en amour avec les logos &#8211; ces petites images qui donnent une identit\u00e9 visuelle \u00e0 nos projets et qui nous aident \u00e0 nous y retrouver. Karim Aktouf, notre \u00a0agent cr\u00e9atif au labo vient de nous proposer un logo qu&#8217;on a tout de suite adopt\u00e9! On esp\u00e8re que vous l&#8217;appr\u00e9cierez&hellip;&nbsp;Read More &raquo;Un logo pour nos projets Parkinson voix et d\u00e9glutition!\" \/>\n<meta property=\"og:url\" content=\"https:\/\/parkinsonvoixetdeglutition.ca\/?p=227\" \/>\n<meta property=\"og:site_name\" content=\"Parkinson Voix et D\u00e9glutition\" \/>\n<meta property=\"article:published_time\" content=\"2024-01-30T19:49:32+00:00\" \/>\n<meta property=\"article:modified_time\" content=\"2024-07-11T00:25:17+00:00\" \/>\n<meta property=\"og:image\" content=\"http:\/\/parkinsonvoixetdeglutition.ca\/wp-content\/uploads\/2024\/01\/Parkinson_Voix_et_Deglutition_logo.png\" \/>\n\t<meta property=\"og:image:width\" content=\"1024\" \/>\n\t<meta property=\"og:image:height\" content=\"712\" \/>\n\t<meta property=\"og:image:type\" content=\"image\/png\" \/>\n<meta name=\"author\" content=\"Ons El Mokhtar\" \/>\n<meta name=\"twitter:card\" content=\"summary_large_image\" \/>\n<meta name=\"twitter:label1\" content=\"Written by\" \/>\n\t<meta name=\"twitter:data1\" content=\"Ons El Mokhtar\" \/>\n\t<meta name=\"twitter:label2\" content=\"Est. reading time\" \/>\n\t<meta name=\"twitter:data2\" content=\"1 minute\" \/>\n<script type=\"application\/ld+json\" class=\"yoast-schema-graph\">{\"@context\":\"https:\\\/\\\/schema.org\",\"@graph\":[{\"@type\":\"Article\",\"@id\":\"https:\\\/\\\/parkinsonvoixetdeglutition.ca\\\/?p=227#article\",\"isPartOf\":{\"@id\":\"https:\\\/\\\/parkinsonvoixetdeglutition.ca\\\/?p=227\"},\"author\":{\"name\":\"Ons El Mokhtar\",\"@id\":\"https:\\\/\\\/parkinsonvoixetdeglutition.ca\\\/#\\\/schema\\\/person\\\/5b10eef33c524674258232d9a91fbcc2\"},\"headline\":\"Un logo pour nos projets Parkinson voix et d\u00e9glutition!\",\"datePublished\":\"2024-01-30T19:49:32+00:00\",\"dateModified\":\"2024-07-11T00:25:17+00:00\",\"mainEntityOfPage\":{\"@id\":\"https:\\\/\\\/parkinsonvoixetdeglutition.ca\\\/?p=227\"},\"wordCount\":98,\"publisher\":{\"@id\":\"https:\\\/\\\/parkinsonvoixetdeglutition.ca\\\/#organization\"},\"image\":{\"@id\":\"https:\\\/\\\/parkinsonvoixetdeglutition.ca\\\/?p=227#primaryimage\"},\"thumbnailUrl\":\"https:\\\/\\\/parkinsonvoixetdeglutition.ca\\\/wp-content\\\/uploads\\\/2024\\\/01\\\/Parkinson_Voix_et_Deglutition_logo.png\",\"articleSection\":[\"Blog\"],\"inLanguage\":\"en-US\"},{\"@type\":\"WebPage\",\"@id\":\"https:\\\/\\\/parkinsonvoixetdeglutition.ca\\\/?p=227\",\"url\":\"https:\\\/\\\/parkinsonvoixetdeglutition.ca\\\/?p=227\",\"name\":\"Un logo pour nos projets Parkinson voix et d\u00e9glutition! - Parkinson Voix et D\u00e9glutition\",\"isPartOf\":{\"@id\":\"https:\\\/\\\/parkinsonvoixetdeglutition.ca\\\/#website\"},\"primaryImageOfPage\":{\"@id\":\"https:\\\/\\\/parkinsonvoixetdeglutition.ca\\\/?p=227#primaryimage\"},\"image\":{\"@id\":\"https:\\\/\\\/parkinsonvoixetdeglutition.ca\\\/?p=227#primaryimage\"},\"thumbnailUrl\":\"https:\\\/\\\/parkinsonvoixetdeglutition.ca\\\/wp-content\\\/uploads\\\/2024\\\/01\\\/Parkinson_Voix_et_Deglutition_logo.png\",\"datePublished\":\"2024-01-30T19:49:32+00:00\",\"dateModified\":\"2024-07-11T00:25:17+00:00\",\"breadcrumb\":{\"@id\":\"https:\\\/\\\/parkinsonvoixetdeglutition.ca\\\/?p=227#breadcrumb\"},\"inLanguage\":\"en-US\",\"potentialAction\":[{\"@type\":\"ReadAction\",\"target\":[\"https:\\\/\\\/parkinsonvoixetdeglutition.ca\\\/?p=227\"]}]},{\"@type\":\"ImageObject\",\"inLanguage\":\"en-US\",\"@id\":\"https:\\\/\\\/parkinsonvoixetdeglutition.ca\\\/?p=227#primaryimage\",\"url\":\"https:\\\/\\\/parkinsonvoixetdeglutition.ca\\\/wp-content\\\/uploads\\\/2024\\\/01\\\/Parkinson_Voix_et_Deglutition_logo.png\",\"contentUrl\":\"https:\\\/\\\/parkinsonvoixetdeglutition.ca\\\/wp-content\\\/uploads\\\/2024\\\/01\\\/Parkinson_Voix_et_Deglutition_logo.png\",\"width\":1024,\"height\":712},{\"@type\":\"BreadcrumbList\",\"@id\":\"https:\\\/\\\/parkinsonvoixetdeglutition.ca\\\/?p=227#breadcrumb\",\"itemListElement\":[{\"@type\":\"ListItem\",\"position\":1,\"name\":\"Home\",\"item\":\"https:\\\/\\\/parkinsonvoixetdeglutition.ca\\\/\"},{\"@type\":\"ListItem\",\"position\":2,\"name\":\"Un logo pour nos projets Parkinson voix et d\u00e9glutition!\"}]},{\"@type\":\"WebSite\",\"@id\":\"https:\\\/\\\/parkinsonvoixetdeglutition.ca\\\/#website\",\"url\":\"https:\\\/\\\/parkinsonvoixetdeglutition.ca\\\/\",\"name\":\"Parkinson Voix et D\u00e9glutition\",\"description\":\"\",\"publisher\":{\"@id\":\"https:\\\/\\\/parkinsonvoixetdeglutition.ca\\\/#organization\"},\"potentialAction\":[{\"@type\":\"SearchAction\",\"target\":{\"@type\":\"EntryPoint\",\"urlTemplate\":\"https:\\\/\\\/parkinsonvoixetdeglutition.ca\\\/?s={search_term_string}\"},\"query-input\":{\"@type\":\"PropertyValueSpecification\",\"valueRequired\":true,\"valueName\":\"search_term_string\"}}],\"inLanguage\":\"en-US\"},{\"@type\":\"Organization\",\"@id\":\"https:\\\/\\\/parkinsonvoixetdeglutition.ca\\\/#organization\",\"name\":\"Labo IV\",\"url\":\"https:\\\/\\\/parkinsonvoixetdeglutition.ca\\\/\",\"logo\":{\"@type\":\"ImageObject\",\"inLanguage\":\"en-US\",\"@id\":\"https:\\\/\\\/parkinsonvoixetdeglutition.ca\\\/#\\\/schema\\\/logo\\\/image\\\/\",\"url\":\"\",\"contentUrl\":\"\",\"caption\":\"Labo IV\"},\"image\":{\"@id\":\"https:\\\/\\\/parkinsonvoixetdeglutition.ca\\\/#\\\/schema\\\/logo\\\/image\\\/\"}},{\"@type\":\"Person\",\"@id\":\"https:\\\/\\\/parkinsonvoixetdeglutition.ca\\\/#\\\/schema\\\/person\\\/5b10eef33c524674258232d9a91fbcc2\",\"name\":\"Ons El Mokhtar\",\"image\":{\"@type\":\"ImageObject\",\"inLanguage\":\"en-US\",\"@id\":\"https:\\\/\\\/secure.gravatar.com\\\/avatar\\\/91fb81c1b0418088173cc9156e3697eaa239dbf6c23d9117ef1c736e1a5e6bba?s=96&d=mm&r=g\",\"url\":\"https:\\\/\\\/secure.gravatar.com\\\/avatar\\\/91fb81c1b0418088173cc9156e3697eaa239dbf6c23d9117ef1c736e1a5e6bba?s=96&d=mm&r=g\",\"contentUrl\":\"https:\\\/\\\/secure.gravatar.com\\\/avatar\\\/91fb81c1b0418088173cc9156e3697eaa239dbf6c23d9117ef1c736e1a5e6bba?s=96&d=mm&r=g\",\"caption\":\"Ons El Mokhtar\"},\"url\":\"https:\\\/\\\/parkinsonvoixetdeglutition.ca\\\/?author=2\"}]}<\/script>\n<!-- \/ Yoast SEO plugin. -->","yoast_head_json":{"title":"Un logo pour nos projets Parkinson voix et d\u00e9glutition! - Parkinson Voix et D\u00e9glutition","robots":{"index":"index","follow":"follow","max-snippet":"max-snippet:-1","max-image-preview":"max-image-preview:large","max-video-preview":"max-video-preview:-1"},"canonical":"https:\/\/parkinsonvoixetdeglutition.ca\/?p=227","og_locale":"en_US","og_type":"article","og_title":"Un logo pour nos projets Parkinson voix et d\u00e9glutition! - Parkinson Voix et D\u00e9glutition","og_description":"Au LaboIV on est un peu en amour avec les logos &#8211; ces petites images qui donnent une identit\u00e9 visuelle \u00e0 nos projets et qui nous aident \u00e0 nous y retrouver. Karim Aktouf, notre \u00a0agent cr\u00e9atif au labo vient de nous proposer un logo qu&#8217;on a tout de suite adopt\u00e9! On esp\u00e8re que vous l&#8217;appr\u00e9cierez&hellip;&nbsp;Read More &raquo;Un logo pour nos projets Parkinson voix et d\u00e9glutition!","og_url":"https:\/\/parkinsonvoixetdeglutition.ca\/?p=227","og_site_name":"Parkinson Voix et D\u00e9glutition","article_published_time":"2024-01-30T19:49:32+00:00","article_modified_time":"2024-07-11T00:25:17+00:00","og_image":[{"width":1024,"height":712,"url":"http:\/\/parkinsonvoixetdeglutition.ca\/wp-content\/uploads\/2024\/01\/Parkinson_Voix_et_Deglutition_logo.png","type":"image\/png"}],"author":"Ons El Mokhtar","twitter_card":"summary_large_image","twitter_misc":{"Written by":"Ons El Mokhtar","Est. reading time":"1 minute"},"schema":{"@context":"https:\/\/schema.org","@graph":[{"@type":"Article","@id":"https:\/\/parkinsonvoixetdeglutition.ca\/?p=227#article","isPartOf":{"@id":"https:\/\/parkinsonvoixetdeglutition.ca\/?p=227"},"author":{"name":"Ons El Mokhtar","@id":"https:\/\/parkinsonvoixetdeglutition.ca\/#\/schema\/person\/5b10eef33c524674258232d9a91fbcc2"},"headline":"Un logo pour nos projets Parkinson voix et d\u00e9glutition!","datePublished":"2024-01-30T19:49:32+00:00","dateModified":"2024-07-11T00:25:17+00:00","mainEntityOfPage":{"@id":"https:\/\/parkinsonvoixetdeglutition.ca\/?p=227"},"wordCount":98,"publisher":{"@id":"https:\/\/parkinsonvoixetdeglutition.ca\/#organization"},"image":{"@id":"https:\/\/parkinsonvoixetdeglutition.ca\/?p=227#primaryimage"},"thumbnailUrl":"https:\/\/parkinsonvoixetdeglutition.ca\/wp-content\/uploads\/2024\/01\/Parkinson_Voix_et_Deglutition_logo.png","articleSection":["Blog"],"inLanguage":"en-US"},{"@type":"WebPage","@id":"https:\/\/parkinsonvoixetdeglutition.ca\/?p=227","url":"https:\/\/parkinsonvoixetdeglutition.ca\/?p=227","name":"Un logo pour nos projets Parkinson voix et d\u00e9glutition! - Parkinson Voix et D\u00e9glutition","isPartOf":{"@id":"https:\/\/parkinsonvoixetdeglutition.ca\/#website"},"primaryImageOfPage":{"@id":"https:\/\/parkinsonvoixetdeglutition.ca\/?p=227#primaryimage"},"image":{"@id":"https:\/\/parkinsonvoixetdeglutition.ca\/?p=227#primaryimage"},"thumbnailUrl":"https:\/\/parkinsonvoixetdeglutition.ca\/wp-content\/uploads\/2024\/01\/Parkinson_Voix_et_Deglutition_logo.png","datePublished":"2024-01-30T19:49:32+00:00","dateModified":"2024-07-11T00:25:17+00:00","breadcrumb":{"@id":"https:\/\/parkinsonvoixetdeglutition.ca\/?p=227#breadcrumb"},"inLanguage":"en-US","potentialAction":[{"@type":"ReadAction","target":["https:\/\/parkinsonvoixetdeglutition.ca\/?p=227"]}]},{"@type":"ImageObject","inLanguage":"en-US","@id":"https:\/\/parkinsonvoixetdeglutition.ca\/?p=227#primaryimage","url":"https:\/\/parkinsonvoixetdeglutition.ca\/wp-content\/uploads\/2024\/01\/Parkinson_Voix_et_Deglutition_logo.png","contentUrl":"https:\/\/parkinsonvoixetdeglutition.ca\/wp-content\/uploads\/2024\/01\/Parkinson_Voix_et_Deglutition_logo.png","width":1024,"height":712},{"@type":"BreadcrumbList","@id":"https:\/\/parkinsonvoixetdeglutition.ca\/?p=227#breadcrumb","itemListElement":[{"@type":"ListItem","position":1,"name":"Home","item":"https:\/\/parkinsonvoixetdeglutition.ca\/"},{"@type":"ListItem","position":2,"name":"Un logo pour nos projets Parkinson voix et d\u00e9glutition!"}]},{"@type":"WebSite","@id":"https:\/\/parkinsonvoixetdeglutition.ca\/#website","url":"https:\/\/parkinsonvoixetdeglutition.ca\/","name":"Parkinson Voix et D\u00e9glutition","description":"","publisher":{"@id":"https:\/\/parkinsonvoixetdeglutition.ca\/#organization"},"potentialAction":[{"@type":"SearchAction","target":{"@type":"EntryPoint","urlTemplate":"https:\/\/parkinsonvoixetdeglutition.ca\/?s={search_term_string}"},"query-input":{"@type":"PropertyValueSpecification","valueRequired":true,"valueName":"search_term_string"}}],"inLanguage":"en-US"},{"@type":"Organization","@id":"https:\/\/parkinsonvoixetdeglutition.ca\/#organization","name":"Labo IV","url":"https:\/\/parkinsonvoixetdeglutition.ca\/","logo":{"@type":"ImageObject","inLanguage":"en-US","@id":"https:\/\/parkinsonvoixetdeglutition.ca\/#\/schema\/logo\/image\/","url":"","contentUrl":"","caption":"Labo IV"},"image":{"@id":"https:\/\/parkinsonvoixetdeglutition.ca\/#\/schema\/logo\/image\/"}},{"@type":"Person","@id":"https:\/\/parkinsonvoixetdeglutition.ca\/#\/schema\/person\/5b10eef33c524674258232d9a91fbcc2","name":"Ons El Mokhtar","image":{"@type":"ImageObject","inLanguage":"en-US","@id":"https:\/\/secure.gravatar.com\/avatar\/91fb81c1b0418088173cc9156e3697eaa239dbf6c23d9117ef1c736e1a5e6bba?s=96&d=mm&r=g","url":"https:\/\/secure.gravatar.com\/avatar\/91fb81c1b0418088173cc9156e3697eaa239dbf6c23d9117ef1c736e1a5e6bba?s=96&d=mm&r=g","contentUrl":"https:\/\/secure.gravatar.com\/avatar\/91fb81c1b0418088173cc9156e3697eaa239dbf6c23d9117ef1c736e1a5e6bba?s=96&d=mm&r=g","caption":"Ons El Mokhtar"},"url":"https:\/\/parkinsonvoixetdeglutition.ca\/?author=2"}]}},"_links":{"self":[{"href":"https:\/\/parkinsonvoixetdeglutition.ca\/index.php?rest_route=\/wp\/v2\/posts\/227","targetHints":{"allow":["GET"]}}],"collection":[{"href":"https:\/\/parkinsonvoixetdeglutition.ca\/index.php?rest_route=\/wp\/v2\/posts"}],"about":[{"href":"https:\/\/parkinsonvoixetdeglutition.ca\/index.php?rest_route=\/wp\/v2\/types\/post"}],"author":[{"embeddable":true,"href":"https:\/\/parkinsonvoixetdeglutition.ca\/index.php?rest_route=\/wp\/v2\/users\/2"}],"replies":[{"embeddable":true,"href":"https:\/\/parkinsonvoixetdeglutition.ca\/index.php?rest_route=%2Fwp%2Fv2%2Fcomments&post=227"}],"version-history":[{"count":3,"href":"https:\/\/parkinsonvoixetdeglutition.ca\/index.php?rest_route=\/wp\/v2\/posts\/227\/revisions"}],"predecessor-version":[{"id":242,"href":"https:\/\/parkinsonvoixetdeglutition.ca\/index.php?rest_route=\/wp\/v2\/posts\/227\/revisions\/242"}],"wp:featuredmedia":[{"embeddable":true,"href":"https:\/\/parkinsonvoixetdeglutition.ca\/index.php?rest_route=\/wp\/v2\/media\/228"}],"wp:attachment":[{"href":"https:\/\/parkinsonvoixetdeglutition.ca\/index.php?rest_route=%2Fwp%2Fv2%2Fmedia&parent=227"}],"wp:term":[{"taxonomy":"category","embeddable":true,"href":"https:\/\/parkinsonvoixetdeglutition.ca\/index.php?rest_route=%2Fwp%2Fv2%2Fcategories&post=227"},{"taxonomy":"post_tag","embeddable":true,"href":"https:\/\/parkinsonvoixetdeglutition.ca\/index.php?rest_route=%2Fwp%2Fv2%2Ftags&post=227"}],"curies":[{"name":"wp","href":"https:\/\/api.w.org\/{rel}","templated":true}]}}